{"id":2726,"date":"2025-01-08T00:01:00","date_gmt":"2025-01-07T23:01:00","guid":{"rendered":"https:\/\/www.mediachrist.net\/?p=2726"},"modified":"2025-01-07T19:12:14","modified_gmt":"2025-01-07T18:12:14","slug":"uni-avec-le-christ","status":"publish","type":"post","link":"https:\/\/mediachrist.net\/index.php\/2025\/01\/08\/uni-avec-le-christ\/","title":{"rendered":"Uni avec le Christ"},"content":{"rendered":"\t\t<div data-elementor-type=\"wp-post\" data-elementor-id=\"2726\" class=\"elementor elementor-2726\">\n\t\t\t\t<div class=\"elementor-element elementor-element-3e55d4f2 e-con-full e-flex wpr-particle-no wpr-jarallax-no wpr-parallax-no wpr-sticky-section-no wpr-equal-height-no e-con e-parent\" data-id=\"3e55d4f2\" data-element_type=\"container\" data-e-type=\"container\" data-settings=\"{&quot;background_background&quot;:&quot;classic&quot;}\">\n\t\t\t\t<div class=\"elementor-element elementor-element-7fd657a2 elementor-widget__width-initial elementor-widget elementor-widget-heading\" data-id=\"7fd657a2\" data-element_type=\"widget\" data-e-type=\"widget\" data-widget_type=\"heading.default\">\n\t\t\t\t<div class=\"elementor-widget-container\">\n\t\t\t\t\t<h2 class=\"elementor-heading-title elementor-size-default\">M\u00e9ditation quotidienne<\/h2>\t\t\t\t<\/div>\n\t\t\t\t<\/div>\n\t\t\t\t<\/div>\n\t\t<div class=\"elementor-element elementor-element-28c857a5 e-con-full e-flex wpr-particle-no wpr-jarallax-no wpr-parallax-no wpr-sticky-section-no wpr-equal-height-no e-con e-parent\" data-id=\"28c857a5\" data-element_type=\"container\" data-e-type=\"container\" data-settings=\"{&quot;background_background&quot;:&quot;classic&quot;}\">\n\t\t<div class=\"elementor-element elementor-element-6954703e e-con-full e-flex wpr-particle-no wpr-jarallax-no wpr-parallax-no wpr-sticky-section-no wpr-equal-height-no e-con e-child\" data-id=\"6954703e\" data-element_type=\"container\" data-e-type=\"container\" data-settings=\"{&quot;background_background&quot;:&quot;classic&quot;}\">\n\t\t<div class=\"elementor-element elementor-element-71912f5d e-con-full e-flex wpr-particle-no wpr-jarallax-no wpr-parallax-no wpr-sticky-section-no wpr-equal-height-no e-con e-child\" data-id=\"71912f5d\" data-element_type=\"container\" data-e-type=\"container\">\n\t\t<div class=\"elementor-element elementor-element-5ec8a47a e-flex e-con-boxed wpr-particle-no wpr-jarallax-no wpr-parallax-no wpr-sticky-section-no wpr-equal-height-no e-con e-child\" data-id=\"5ec8a47a\" data-element_type=\"container\" data-e-type=\"container\">\n\t\t\t\t\t<div class=\"e-con-inner\">\n\t\t\t\t<div class=\"elementor-element elementor-element-33274a0a elementor-widget elementor-widget-jkit_post_title\" data-id=\"33274a0a\" data-element_type=\"widget\" data-e-type=\"widget\" data-widget_type=\"jkit_post_title.default\">\n\t\t\t\t<div class=\"elementor-widget-container\">\n\t\t\t\t\t<div  class=\"jeg-elementor-kit jkit-post-title jeg_module___69f47f975a416\" ><h2 class=\"post-title style-color \">Uni avec le Christ<\/h2><\/div>\t\t\t\t<\/div>\n\t\t\t\t<\/div>\n\t\t\t\t<div class=\"elementor-element elementor-element-4e901b37 elementor-widget elementor-widget-jkit_post_date\" data-id=\"4e901b37\" data-element_type=\"widget\" data-e-type=\"widget\" data-widget_type=\"jkit_post_date.default\">\n\t\t\t\t<div class=\"elementor-widget-container\">\n\t\t\t\t\t<div  class=\"jeg-elementor-kit jkit-post-date jeg_module__1_69f47f975af33\" ><p class=\"post-date \">8 janvier 2025<\/p><\/div>\t\t\t\t<\/div>\n\t\t\t\t<\/div>\n\t\t\t\t\t<\/div>\n\t\t\t\t<\/div>\n\t\t\t\t<div class=\"elementor-element elementor-element-2d2581f elementor-widget elementor-widget-text-editor\" data-id=\"2d2581f\" data-element_type=\"widget\" data-e-type=\"widget\" data-widget_type=\"text-editor.default\">\n\t\t\t\t<div class=\"elementor-widget-container\">\n\t\t\t\t\t\t\t\t\t<p><strong>Romains 6:1-11<\/strong><\/p><p><em>Que dirons-nous donc? Demeurerions-nous dans le p\u00e9ch\u00e9, afin que la gr\u00e2ce abonde? Loin de l\u00e0! Nous qui sommes morts au p\u00e9ch\u00e9, comment vivrions-nous encore dans le p\u00e9ch\u00e9? Ignorez-vous que nous tous qui avons \u00e9t\u00e9 baptis\u00e9s en J\u00e9sus Christ, c&rsquo;est en sa mort que nous avons \u00e9t\u00e9 baptis\u00e9s? Nous avons donc \u00e9t\u00e9 ensevelis avec lui par le bapt\u00eame en sa mort, afin que, comme Christ est ressuscit\u00e9 des morts par la gloire du P\u00e8re, de m\u00eame nous aussi nous marchions en nouveaut\u00e9 de vie. En effet, si nous sommes devenus une m\u00eame plante avec lui par la conformit\u00e9 \u00e0 sa mort, nous le serons aussi par la conformit\u00e9 \u00e0 sa r\u00e9surrection, sachant que notre vieil homme a \u00e9t\u00e9 crucifi\u00e9 avec lui, afin que le corps du p\u00e9ch\u00e9 f\u00fbt d\u00e9truit, pour que nous ne soyons plus esclaves du p\u00e9ch\u00e9; car celui qui est mort est libre du p\u00e9ch\u00e9. Or, si nous sommes morts avec Christ, nous croyons que nous vivrons aussi avec lui, sachant que Christ ressuscit\u00e9 des morts ne meurt plus; la mort n&rsquo;a plus de pouvoir sur lui. Car il est mort, et c&rsquo;est pour le p\u00e9ch\u00e9 qu&rsquo;il est mort une fois pour toutes; il est revenu \u00e0 la vie, et c&rsquo;est pour Dieu qu&rsquo;il vit. Ainsi vous-m\u00eames, regardez-vous comme morts au p\u00e9ch\u00e9, et comme vivants pour Dieu en J\u00e9sus Christ.<\/em><\/p><p>Dans ce passage d&rsquo;aujourd&rsquo;hui, Dieu dit que nous avons \u00e9t\u00e9 unis au Christ &#8211; et notez ce verbe au pass\u00e9 ! Il veut dire que cela s&rsquo;est d\u00e9j\u00e0 produit, pas que cela va se passer dans le futur. Il dit que nous avons \u00e9t\u00e9 baptis\u00e9s en Lui, ensevelis avec Lui, m\u00eame crucifi\u00e9s avec Lui. Rien ni personne ne peut nous s\u00e9parer de J\u00e9sus. Vous ne pourriez m\u00eame pas glisser la pointe d&rsquo;un couteau entre Lui et nous.<\/p><p>Si c&rsquo;est la v\u00e9rit\u00e9 (et bien s\u00fbr que \u00e7a l&rsquo;est, pourquoi le Saint-Esprit le dirait-il autrement !), alors cela signifie que la mort de J\u00e9sus est notre mort, et Sa r\u00e9surrection est notre r\u00e9surrection. Et cela signifie que nous pouvons arr\u00eater de nous inqui\u00e9ter pour notre avenir. O\u00f9 J\u00e9sus va, nous allons aussi ; rien ne pourra nous s\u00e9parer, plus jamais. Quand nous mourrons, Il sera avec nous, et Il nous montrera le chemin &#8211; Il EST le Chemin ; et Il nous emm\u00e8nera pour \u00eatre avec Lui dans la maison de Son P\u00e8re. Et quand le Dernier Jour viendra, Il nous ressuscitera d&rsquo;entre les morts, tout comme Lui-m\u00eame est ressuscit\u00e9 d&rsquo;entre les morts. Il ne nous perdra pas, et nous ne Le perdrons pas. Nous sommes en s\u00e9curit\u00e9 pour toujours.<\/p><p>Alors qu&rsquo;en est-il du moment pr\u00e9sent, aujourd&rsquo;hui ? Nous sommes unis \u00e0 Lui d\u00e8s maintenant, \u00e0 cette minute m\u00eame, et cela signifie que nous pouvons faire appel \u00e0 Lui pour obtenir de l&rsquo;aide quand nous en avons besoin. Ce n&rsquo;est pas comme si J\u00e9sus \u00e9tait l\u00e0-haut, et moi ici-bas dans la boue de la tentation et de la culpabilit\u00e9. Bien au contraire, Il est avec nous dans la boue, et c&rsquo;est l\u00e0 qu&rsquo;Il veut \u00eatre. Personne ne nous a jamais compris aussi compl\u00e8tement que J\u00e9sus, ou ne nous a aim\u00e9s autant que Lui. M\u00eame lorsque nous nous abandonnons, il ne nous abandonne pas. Nous sommes \u00e0 Lui pour toujours.<\/p><p>PRIONS : Seigneur, Tu connais mes luttes ; sois avec moi et aide-moi ! Amen.<\/p><p>______________________<\/p><p>Questions de r\u00e9flexion :<\/p><ol><li>Quelle a \u00e9t\u00e9 la relation la plus proche que vous ayez eue avec une autre personne ?<\/li><li>Est-il difficile pour vous de croire que Dieu veut cette proximit\u00e9 avec vous ?<\/li><li>Prenez un moment pour demander \u00e0 J\u00e9sus de vous aider avec quelque chose que vous ne pouvez pas g\u00e9rer vous-m\u00eame.<\/li><\/ol><p>______________________<\/p><p><em>M\u00e9ditation \u00e9crite par le Dr Kari Vo. Traduite par Fran\u00e7ois Lara. Droits d&rsquo;auteur d\u00e9tenus par International Lutheran Laymen&rsquo;s League, utilis\u00e9s avec la permission de Lutheran Hour Ministries, tous droits r\u00e9serv\u00e9s.<\/em><\/p>\t\t\t\t\t\t\t\t<\/div>\n\t\t\t\t<\/div>\n\t\t\t\t<\/div>\n\t\t<div data-wpr-sticky-section=\"yes\" data-wpr-position-type=\"sticky\" data-wpr-position-offset=\"0\" data-wpr-position-location=\"top\" data-wpr-sticky-devices=\"desktop_sticky\" data-wpr-custom-breakpoints=\"default\" data-wpr-active-breakpoints=\"mobile_sticky tablet_sticky desktop_sticky\" data-wpr-z-index=\"10\" data-wpr-sticky-hide=\"\" data-wpr-replace-header=\"\" data-wpr-animation-duration=\"\" data-wpr-sticky-type=\"sticky\" class=\"elementor-element elementor-element-3d8a0f83 e-con-full wpr-sticky-section-yes e-flex wpr-particle-no wpr-jarallax-no wpr-parallax-no wpr-equal-height-no e-con e-child\" data-id=\"3d8a0f83\" data-element_type=\"container\" data-e-type=\"container\" data-settings=\"{&quot;position_offset&quot;:0,&quot;position_offset_tablet&quot;:0,&quot;position_offset_mobile&quot;:0}\">\n\t\t<div class=\"elementor-element elementor-element-28b54d9c e-con-full e-flex wpr-particle-no wpr-jarallax-no wpr-parallax-no wpr-sticky-section-no wpr-equal-height-no e-con e-child\" data-id=\"28b54d9c\" data-element_type=\"container\" data-e-type=\"container\">\n\t\t\t\t<div class=\"elementor-element elementor-element-3424b803 elementor-widget elementor-widget-jkit_post_featured_image\" data-id=\"3424b803\" data-element_type=\"widget\" data-e-type=\"widget\" data-widget_type=\"jkit_post_featured_image.default\">\n\t\t\t\t<div class=\"elementor-widget-container\">\n\t\t\t\t\t<div  class=\"jeg-elementor-kit jkit-post-featured-image jeg_module__2_69f47f975c82e\" ><div class=\"post-featured-image \"><img fetchpriority=\"high\" decoding=\"async\" width=\"300\" height=\"300\" src=\"https:\/\/mediachrist.net\/wp-content\/uploads\/2025\/01\/Image-Medit-HL-300x300.png\" class=\"attachment-medium size-medium wp-post-image\" alt=\"m\u00e9ditation quotidienne de l&#039;Heure Luth\u00e9rienne\" srcset=\"https:\/\/mediachrist.net\/wp-content\/uploads\/2025\/01\/Image-Medit-HL-300x300.png 300w, https:\/\/mediachrist.net\/wp-content\/uploads\/2025\/01\/Image-Medit-HL-1024x1024.png 1024w, https:\/\/mediachrist.net\/wp-content\/uploads\/2025\/01\/Image-Medit-HL-150x150.png 150w, https:\/\/mediachrist.net\/wp-content\/uploads\/2025\/01\/Image-Medit-HL-768x768.png 768w, https:\/\/mediachrist.net\/wp-content\/uploads\/2025\/01\/Image-Medit-HL-450x450.png 450w, https:\/\/mediachrist.net\/wp-content\/uploads\/2025\/01\/Image-Medit-HL-100x100.png 100w, https:\/\/mediachrist.net\/wp-content\/uploads\/2025\/01\/Image-Medit-HL.png 1080w\" sizes=\"(max-width: 300px) 100vw, 300px\" \/><\/div><\/div>\t\t\t\t<\/div>\n\t\t\t\t<\/div>\n\t\t\t\t<div class=\"elementor-element elementor-element-cf5c11f elementor-widget elementor-widget-shortcode\" data-id=\"cf5c11f\" data-element_type=\"widget\" data-e-type=\"widget\" data-widget_type=\"shortcode.default\">\n\t\t\t\t<div class=\"elementor-widget-container\">\n\t\t\t\t\t\t\t<div class=\"elementor-shortcode\"><div class=\"heateor_sss_sharing_container heateor_sss_horizontal_sharing\" data-heateor-ss-offset=\"0\" data-heateor-sss-href='https:\/\/mediachrist.net\/index.php\/2025\/01\/08\/uni-avec-le-christ\/'><div class=\"heateor_sss_sharing_ul\"><a aria-label=\"Facebook\" class=\"heateor_sss_facebook\" href=\"https:\/\/www.facebook.com\/sharer\/sharer.php?u=https%3A%2F%2Fmediachrist.net%2Findex.php%2F2025%2F01%2F08%2Funi-avec-le-christ%2F\" title=\"Facebook\" rel=\"nofollow noopener\" target=\"_blank\" style=\"font-size:32px!important;box-shadow:none;display:inline-block;vertical-align:middle\"><span class=\"heateor_sss_svg\" style=\"background-color:#0765FE;width:35px;height:35px;border-radius:999px;display:inline-block;opacity:1;float:left;font-size:32px;box-shadow:none;display:inline-block;font-size:16px;padding:0 4px;vertical-align:middle;background-repeat:repeat;overflow:hidden;padding:0;cursor:pointer;box-sizing:content-box\"><svg style=\"display:block;border-radius:999px;\" focusable=\"false\" aria-hidden=\"true\" xmlns=\"http:\/\/www.w3.org\/2000\/svg\" width=\"100%\" height=\"100%\" viewBox=\"0 0 32 32\"><path fill=\"#9F2899\" d=\"M28 16c0-6.627-5.373-12-12-12S4 9.373 4 16c0 5.628 3.875 10.35 9.101 11.647v-7.98h-2.474V16H13.1v-1.58c0-4.085 1.849-5.978 5.859-5.978.76 0 2.072.15 2.608.298v3.325c-.283-.03-.775-.045-1.386-.045-1.967 0-2.728.745-2.728 2.683V16h3.92l-.673 3.667h-3.247v8.245C23.395 27.195 28 22.135 28 16Z\"><\/path><\/svg><\/span><\/a><a aria-label=\"X\" class=\"heateor_sss_button_x\" href=\"https:\/\/twitter.com\/intent\/tweet?text=Uni%20avec%20le%20Christ&url=https%3A%2F%2Fmediachrist.net%2Findex.php%2F2025%2F01%2F08%2Funi-avec-le-christ%2F\" title=\"X\" rel=\"nofollow noopener\" target=\"_blank\" style=\"font-size:32px!important;box-shadow:none;display:inline-block;vertical-align:middle\"><span class=\"heateor_sss_svg heateor_sss_s__default heateor_sss_s_x\" style=\"background-color:#2a2a2a;width:35px;height:35px;border-radius:999px;display:inline-block;opacity:1;float:left;font-size:32px;box-shadow:none;display:inline-block;font-size:16px;padding:0 4px;vertical-align:middle;background-repeat:repeat;overflow:hidden;padding:0;cursor:pointer;box-sizing:content-box\"><svg width=\"100%\" height=\"100%\" style=\"display:block;border-radius:999px;\" focusable=\"false\" aria-hidden=\"true\" xmlns=\"http:\/\/www.w3.org\/2000\/svg\" viewBox=\"0 0 32 32\"><path fill=\"#9F2899\" d=\"M21.751 7h3.067l-6.7 7.658L26 25.078h-6.172l-4.833-6.32-5.531 6.32h-3.07l7.167-8.19L6 7h6.328l4.37 5.777L21.75 7Zm-1.076 16.242h1.7L11.404 8.74H9.58l11.094 14.503Z\"><\/path><\/svg><\/span><\/a><a aria-label=\"Whatsapp\" class=\"heateor_sss_whatsapp\" href=\"https:\/\/api.whatsapp.com\/send?text=Uni%20avec%20le%20Christ%20https%3A%2F%2Fmediachrist.net%2Findex.php%2F2025%2F01%2F08%2Funi-avec-le-christ%2F\" title=\"Whatsapp\" rel=\"nofollow noopener\" target=\"_blank\" style=\"font-size:32px!important;box-shadow:none;display:inline-block;vertical-align:middle\"><span class=\"heateor_sss_svg\" style=\"background-color:#55eb4c;width:35px;height:35px;border-radius:999px;display:inline-block;opacity:1;float:left;font-size:32px;box-shadow:none;display:inline-block;font-size:16px;padding:0 4px;vertical-align:middle;background-repeat:repeat;overflow:hidden;padding:0;cursor:pointer;box-sizing:content-box\"><svg style=\"display:block;border-radius:999px;\" focusable=\"false\" aria-hidden=\"true\" xmlns=\"http:\/\/www.w3.org\/2000\/svg\" width=\"100%\" height=\"100%\" viewBox=\"-6 -5 40 40\"><path class=\"heateor_sss_svg_stroke heateor_sss_no_fill\" stroke=\"#9F2899\" stroke-width=\"2\" fill=\"none\" d=\"M 11.579798566743314 24.396926207859085 A 10 10 0 1 0 6.808479557110079 20.73576436351046\"><\/path><path d=\"M 7 19 l -1 6 l 6 -1\" class=\"heateor_sss_no_fill heateor_sss_svg_stroke\" stroke=\"#9F2899\" stroke-width=\"2\" fill=\"none\"><\/path><path d=\"M 10 10 q -1 8 8 11 c 5 -1 0 -6 -1 -3 q -4 -3 -5 -5 c 4 -2 -1 -5 -1 -4\" fill=\"#9F2899\"><\/path><\/svg><\/span><\/a><a aria-label=\"Email\" class=\"heateor_sss_email\" href=\"https:\/\/mediachrist.net\/index.php\/2025\/01\/08\/uni-avec-le-christ\/\" onclick=\"event.preventDefault();window.open('mailto:?subject=' + decodeURIComponent('Uni%20avec%20le%20Christ').replace('&', '%26') + '&body=https%3A%2F%2Fmediachrist.net%2Findex.php%2F2025%2F01%2F08%2Funi-avec-le-christ%2F', '_blank')\" title=\"Email\" rel=\"noopener\" style=\"font-size:32px!important;box-shadow:none;display:inline-block;vertical-align:middle\"><span class=\"heateor_sss_svg\" style=\"background-color:#649a3f;width:35px;height:35px;border-radius:999px;display:inline-block;opacity:1;float:left;font-size:32px;box-shadow:none;display:inline-block;font-size:16px;padding:0 4px;vertical-align:middle;background-repeat:repeat;overflow:hidden;padding:0;cursor:pointer;box-sizing:content-box\"><svg style=\"display:block;border-radius:999px;\" focusable=\"false\" aria-hidden=\"true\" xmlns=\"http:\/\/www.w3.org\/2000\/svg\" width=\"100%\" height=\"100%\" viewBox=\"-.75 -.5 36 36\"><path d=\"M 5.5 11 h 23 v 1 l -11 6 l -11 -6 v -1 m 0 2 l 11 6 l 11 -6 v 11 h -22 v -11\" stroke-width=\"1\" fill=\"#9F2899\"><\/path><\/svg><\/span><\/a><a aria-label=\"Threads\" class=\"heateor_sss_button_threads\" href=\"https:\/\/www.threads.net\/intent\/post?text=Uni%20avec%20le%20Christ%20https%3A%2F%2Fmediachrist.net%2Findex.php%2F2025%2F01%2F08%2Funi-avec-le-christ%2F\" title=\"Threads\" rel=\"nofollow noopener\" target=\"_blank\" style=\"font-size:32px!important;box-shadow:none;display:inline-block;vertical-align:middle\"><span class=\"heateor_sss_svg heateor_sss_s__default heateor_sss_s_threads\" style=\"background-color:#000;width:35px;height:35px;border-radius:999px;display:inline-block;opacity:1;float:left;font-size:32px;box-shadow:none;display:inline-block;font-size:16px;padding:0 4px;vertical-align:middle;background-repeat:repeat;overflow:hidden;padding:0;cursor:pointer;box-sizing:content-box\"><svg width=\"100%\" height=\"100%\" style=\"display:block;border-radius:999px;\" focusable=\"false\" aria-hidden=\"true\" viewBox=\"-100 -100 648 712\" xmlns=\"http:\/\/www.w3.org\/2000\/svg\"><path fill=\"#9F2899\" d=\"M331.5 235.7c2.2 .9 4.2 1.9 6.3 2.8c29.2 14.1 50.6 35.2 61.8 61.4c15.7 36.5 17.2 95.8-30.3 143.2c-36.2 36.2-80.3 52.5-142.6 53h-.3c-70.2-.5-124.1-24.1-160.4-70.2c-32.3-41-48.9-98.1-49.5-169.6V256v-.2C17 184.3 33.6 127.2 65.9 86.2C102.2 40.1 156.2 16.5 226.4 16h.3c70.3 .5 124.9 24 162.3 69.9c18.4 22.7 32 50 40.6 81.7l-40.4 10.8c-7.1-25.8-17.8-47.8-32.2-65.4c-29.2-35.8-73-54.2-130.5-54.6c-57 .5-100.1 18.8-128.2 54.4C72.1 146.1 58.5 194.3 58 256c.5 61.7 14.1 109.9 40.3 143.3c28 35.6 71.2 53.9 128.2 54.4c51.4-.4 85.4-12.6 113.7-40.9c32.3-32.2 31.7-71.8 21.4-95.9c-6.1-14.2-17.1-26-31.9-34.9c-3.7 26.9-11.8 48.3-24.7 64.8c-17.1 21.8-41.4 33.6-72.7 35.3c-23.6 1.3-46.3-4.4-63.9-16c-20.8-13.8-33-34.8-34.3-59.3c-2.5-48.3 35.7-83 95.2-86.4c21.1-1.2 40.9-.3 59.2 2.8c-2.4-14.8-7.3-26.6-14.6-35.2c-10-11.7-25.6-17.7-46.2-17.8H227c-16.6 0-39 4.6-53.3 26.3l-34.4-23.6c19.2-29.1 50.3-45.1 87.8-45.1h.8c62.6 .4 99.9 39.5 103.7 107.7l-.2 .2zm-156 68.8c1.3 25.1 28.4 36.8 54.6 35.3c25.6-1.4 54.6-11.4 59.5-73.2c-13.2-2.9-27.8-4.4-43.4-4.4c-4.8 0-9.6 .1-14.4 .4c-42.9 2.4-57.2 23.2-56.2 41.8l-.1 .1z\"><\/path><\/svg><\/span><\/a><a target=\"_blank\" aria-label=\"Facebook Messenger\" class=\"heateor_sss_button_facebook_messenger\" href=\"https:\/\/www.facebook.com\/dialog\/send?app_id=1904103319867886&display=popup&link=https%3A%2F%2Fmediachrist.net%2Findex.php%2F2025%2F01%2F08%2Funi-avec-le-christ%2F&redirect_uri=https%3A%2F%2Fmediachrist.net%2Findex.php%2F2025%2F01%2F08%2Funi-avec-le-christ%2F\" style=\"font-size:32px!important;box-shadow:none;display:inline-block;vertical-align:middle\"><span class=\"heateor_sss_svg heateor_sss_s__default heateor_sss_s_facebook_messenger\" style=\"background-color:#0084ff;width:35px;height:35px;border-radius:999px;display:inline-block;opacity:1;float:left;font-size:32px;box-shadow:none;display:inline-block;font-size:16px;padding:0 4px;vertical-align:middle;background-repeat:repeat;overflow:hidden;padding:0;cursor:pointer;box-sizing:content-box\"><svg style=\"display:block;border-radius:999px;\" focusable=\"false\" aria-hidden=\"true\" xmlns=\"http:\/\/www.w3.org\/2000\/svg\" width=\"100%\" height=\"100%\" viewBox=\"-2 -2 36 36\"><path fill=\"#9F2899\" d=\"M16 5C9.986 5 5.11 9.56 5.11 15.182c0 3.2 1.58 6.054 4.046 7.92V27l3.716-2.06c.99.276 2.04.425 3.128.425 6.014 0 10.89-4.56 10.89-10.183S22.013 5 16 5zm1.147 13.655L14.33 15.73l-5.423 3 5.946-6.31 2.816 2.925 5.42-3-5.946 6.31z\"\/><\/svg><\/span><\/a><a aria-label=\"Telegram\" class=\"heateor_sss_button_telegram\" href=\"https:\/\/telegram.me\/share\/url?url=https%3A%2F%2Fmediachrist.net%2Findex.php%2F2025%2F01%2F08%2Funi-avec-le-christ%2F&text=Uni%20avec%20le%20Christ\" title=\"Telegram\" rel=\"nofollow noopener\" target=\"_blank\" style=\"font-size:32px!important;box-shadow:none;display:inline-block;vertical-align:middle\"><span class=\"heateor_sss_svg heateor_sss_s__default heateor_sss_s_telegram\" style=\"background-color:#3da5f1;width:35px;height:35px;border-radius:999px;display:inline-block;opacity:1;float:left;font-size:32px;box-shadow:none;display:inline-block;font-size:16px;padding:0 4px;vertical-align:middle;background-repeat:repeat;overflow:hidden;padding:0;cursor:pointer;box-sizing:content-box\"><svg style=\"display:block;border-radius:999px;\" focusable=\"false\" aria-hidden=\"true\" xmlns=\"http:\/\/www.w3.org\/2000\/svg\" width=\"100%\" height=\"100%\" viewBox=\"0 0 32 32\"><path fill=\"#9F2899\" d=\"M25.515 6.896L6.027 14.41c-1.33.534-1.322 1.276-.243 1.606l5 1.56 1.72 5.66c.226.625.115.873.77.873.506 0 .73-.235 1.012-.51l2.43-2.363 5.056 3.734c.93.514 1.602.25 1.834-.863l3.32-15.638c.338-1.363-.52-1.98-1.41-1.577z\"><\/path><\/svg><\/span><\/a><a class=\"heateor_sss_more\" aria-label=\"More\" title=\"More\" rel=\"nofollow noopener\" style=\"font-size: 32px!important;border:0;box-shadow:none;display:inline-block!important;font-size:16px;padding:0 4px;vertical-align: middle;display:inline;\" href=\"https:\/\/mediachrist.net\/index.php\/2025\/01\/08\/uni-avec-le-christ\/\" onclick=\"event.preventDefault()\"><span class=\"heateor_sss_svg\" style=\"background-color:#ee8e2d;width:35px;height:35px;border-radius:999px;display:inline-block!important;opacity:1;float:left;font-size:32px!important;box-shadow:none;display:inline-block;font-size:16px;padding:0 4px;vertical-align:middle;display:inline;background-repeat:repeat;overflow:hidden;padding:0;cursor:pointer;box-sizing:content-box;\" onclick=\"heateorSssMoreSharingPopup(this, 'https:\/\/mediachrist.net\/index.php\/2025\/01\/08\/uni-avec-le-christ\/', 'Uni%20avec%20le%20Christ', '' )\"><svg xmlns=\"http:\/\/www.w3.org\/2000\/svg\" xmlns:xlink=\"http:\/\/www.w3.org\/1999\/xlink\" viewBox=\"-.3 0 32 32\" version=\"1.1\" width=\"100%\" height=\"100%\" style=\"display:block;border-radius:999px;\" xml:space=\"preserve\"><g><path fill=\"#9F2899\" d=\"M18 14V8h-4v6H8v4h6v6h4v-6h6v-4h-6z\" fill-rule=\"evenodd\"><\/path><\/g><\/svg><\/span><\/a><\/div><div class=\"heateorSssClear\"><\/div><\/div><\/div>\n\t\t\t\t\t\t<\/div>\n\t\t\t\t<\/div>\n\t\t\t\t<div class=\"elementor-element elementor-element-4e9ca8e elementor-widget__width-inherit wpr-button-icon-style-inline wpr-button-icon-position-right elementor-widget elementor-widget-wpr-button\" data-id=\"4e9ca8e\" data-element_type=\"widget\" data-e-type=\"widget\" data-widget_type=\"wpr-button.default\">\n\t\t\t\t<div class=\"elementor-widget-container\">\n\t\t\t\t\t\t\n\t\t\t\n\t\t\n\t\t<div class=\"wpr-button-wrap elementor-clearfix\">\n\t\t<a class=\"wpr-button wpr-button-effect wpr-button-none\" data-text=\"\" href=\"https:\/\/mediachrist.net\/index.php\/abonnement\/\">\n\t\t\t\n\t\t\t<span class=\"wpr-button-content\">\n\t\t\t\t\t\t\t\t\t<span class=\"wpr-button-text\">S&#039;abonner<\/span>\n\t\t\t\t\t\t\t\t\n\t\t\t\t\t\t\t\t\t<span class=\"wpr-button-icon\"><i class=\"jki jki-mail-line\"><\/i><\/span>\n\t\t\t\t\t\t\t<\/span>\n\t\t<\/a>\n\n\t\t\t\t<\/div>\n\t\n\t\n\t\t\t\t\t<\/div>\n\t\t\t\t<\/div>\n\t\t\t\t<div class=\"elementor-element elementor-element-3f8c768 elementor-widget elementor-widget-jkit_post_list\" data-id=\"3f8c768\" data-element_type=\"widget\" data-e-type=\"widget\" data-widget_type=\"jkit_post_list.default\">\n\t\t\t\t<div class=\"elementor-widget-container\">\n\t\t\t\t\t<div  class=\"jeg-elementor-kit jkit-postlist layout-vertical post-element jkit-pagination-disable jeg_module__3_69f47f9762b22\"  data-id=\"jeg_module__3_69f47f9762b22\" data-settings=\"{&quot;post_type&quot;:&quot;post&quot;,&quot;number_post&quot;:{&quot;unit&quot;:&quot;px&quot;,&quot;size&quot;:5,&quot;sizes&quot;:[]},&quot;post_offset&quot;:0,&quot;unique_content&quot;:&quot;disable&quot;,&quot;include_post&quot;:&quot;&quot;,&quot;exclude_post&quot;:&quot;2378&quot;,&quot;include_category&quot;:&quot;15&quot;,&quot;exclude_category&quot;:&quot;3&quot;,&quot;include_author&quot;:&quot;&quot;,&quot;include_tag&quot;:&quot;&quot;,&quot;exclude_tag&quot;:&quot;&quot;,&quot;3d-flip-book-category&quot;:&quot;&quot;,&quot;wpr_template_type&quot;:&quot;&quot;,&quot;sort_by&quot;:&quot;latest&quot;,&quot;pagination_mode&quot;:&quot;disable&quot;,&quot;pagination_loadmore_text&quot;:&quot;Load More&quot;,&quot;pagination_loading_text&quot;:&quot;Loading...&quot;,&quot;pagination_number_post&quot;:{&quot;unit&quot;:&quot;px&quot;,&quot;size&quot;:3,&quot;sizes&quot;:[]},&quot;pagination_scroll_limit&quot;:0,&quot;pagination_icon&quot;:{&quot;value&quot;:&quot;&quot;,&quot;library&quot;:&quot;&quot;},&quot;pagination_icon_position&quot;:&quot;before&quot;,&quot;sg_content_layout&quot;:&quot;vertical&quot;,&quot;sg_content_image_enable&quot;:0,&quot;sg_content_background_image_enable&quot;:0,&quot;sg_content_icon_enable&quot;:&quot;&quot;,&quot;sg_content_icon&quot;:{&quot;value&quot;:&quot;fas fa-circle&quot;,&quot;library&quot;:&quot;fa-solid&quot;},&quot;sg_content_meta_enable&quot;:&quot;yes&quot;,&quot;sg_content_meta_date_enable&quot;:&quot;yes&quot;,&quot;sg_content_meta_date_type&quot;:&quot;published&quot;,&quot;sg_content_meta_date_format&quot;:&quot;default&quot;,&quot;sg_content_meta_date_format_custom&quot;:&quot;j F Y&quot;,&quot;sg_content_meta_date_icon&quot;:{&quot;value&quot;:&quot;fas fa-clock&quot;,&quot;library&quot;:&quot;fa-solid&quot;},&quot;sg_content_meta_category_enable&quot;:&quot;&quot;,&quot;sg_content_meta_category_icon&quot;:{&quot;value&quot;:&quot;fas fa-tag&quot;,&quot;library&quot;:&quot;fa-solid&quot;},&quot;sg_content_meta_position&quot;:&quot;bottom&quot;,&quot;sg_content_image_size_imagesize_size&quot;:&quot;large&quot;,&quot;paged&quot;:1,&quot;class&quot;:&quot;jkit_post_list&quot;}\"><div class=\"jkit-block-container\"><div class=\"jkit-posts jkit-ajax-flag\">\n            <article class=\"jkit-post post-list-item\">\n                <a href=\"https:\/\/mediachrist.net\/index.php\/2026\/05\/01\/le-saint-esprit\/\" >\n                    \n                    <div class=\"jkit-postlist-content\"><span class=\"jkit-postlist-title\">Le Saint-Esprit<\/span><div class=\"meta-lists\"><span class=\"meta-date\"><svg aria-hidden=\"true\" class=\"e-font-icon-svg e-fas-clock\" viewBox=\"0 0 512 512\" xmlns=\"http:\/\/www.w3.org\/2000\/svg\"><path d=\"M256,8C119,8,8,119,8,256S119,504,256,504,504,393,504,256,393,8,256,8Zm92.49,313h0l-20,25a16,16,0,0,1-22.49,2.5h0l-67-49.72a40,40,0,0,1-15-31.23V112a16,16,0,0,1,16-16h32a16,16,0,0,1,16,16V256l58,42.5A16,16,0,0,1,348.49,321Z\"><\/path><\/svg>1 mai 2026<\/span> <\/div><\/div>\n                <\/a>\n            <\/article><article class=\"jkit-post post-list-item\">\n                <a href=\"https:\/\/mediachrist.net\/index.php\/2026\/04\/30\/juge-sur-base-des-actes-et-sauve-par-la-foi\/\" >\n                    \n                    <div class=\"jkit-postlist-content\"><span class=\"jkit-postlist-title\">Jug\u00e9 sur base des actes et sauv\u00e9 par la foi<\/span><div class=\"meta-lists\"><span class=\"meta-date\"><svg aria-hidden=\"true\" class=\"e-font-icon-svg e-fas-clock\" viewBox=\"0 0 512 512\" xmlns=\"http:\/\/www.w3.org\/2000\/svg\"><path d=\"M256,8C119,8,8,119,8,256S119,504,256,504,504,393,504,256,393,8,256,8Zm92.49,313h0l-20,25a16,16,0,0,1-22.49,2.5h0l-67-49.72a40,40,0,0,1-15-31.23V112a16,16,0,0,1,16-16h32a16,16,0,0,1,16,16V256l58,42.5A16,16,0,0,1,348.49,321Z\"><\/path><\/svg>30 avril 2026<\/span> <\/div><\/div>\n                <\/a>\n            <\/article><article class=\"jkit-post post-list-item\">\n                <a href=\"https:\/\/mediachrist.net\/index.php\/2026\/04\/29\/etrangers\/\" >\n                    \n                    <div class=\"jkit-postlist-content\"><span class=\"jkit-postlist-title\">Etrangers<\/span><div class=\"meta-lists\"><span class=\"meta-date\"><svg aria-hidden=\"true\" class=\"e-font-icon-svg e-fas-clock\" viewBox=\"0 0 512 512\" xmlns=\"http:\/\/www.w3.org\/2000\/svg\"><path d=\"M256,8C119,8,8,119,8,256S119,504,256,504,504,393,504,256,393,8,256,8Zm92.49,313h0l-20,25a16,16,0,0,1-22.49,2.5h0l-67-49.72a40,40,0,0,1-15-31.23V112a16,16,0,0,1,16-16h32a16,16,0,0,1,16,16V256l58,42.5A16,16,0,0,1,348.49,321Z\"><\/path><\/svg>29 avril 2026<\/span> <\/div><\/div>\n                <\/a>\n            <\/article><article class=\"jkit-post post-list-item\">\n                <a href=\"https:\/\/mediachrist.net\/index.php\/2026\/04\/28\/apprendre-a-crier\/\" >\n                    \n                    <div class=\"jkit-postlist-content\"><span class=\"jkit-postlist-title\">Apprendre \u00e0 crier<\/span><div class=\"meta-lists\"><span class=\"meta-date\"><svg aria-hidden=\"true\" class=\"e-font-icon-svg e-fas-clock\" viewBox=\"0 0 512 512\" xmlns=\"http:\/\/www.w3.org\/2000\/svg\"><path d=\"M256,8C119,8,8,119,8,256S119,504,256,504,504,393,504,256,393,8,256,8Zm92.49,313h0l-20,25a16,16,0,0,1-22.49,2.5h0l-67-49.72a40,40,0,0,1-15-31.23V112a16,16,0,0,1,16-16h32a16,16,0,0,1,16,16V256l58,42.5A16,16,0,0,1,348.49,321Z\"><\/path><\/svg>28 avril 2026<\/span> <\/div><\/div>\n                <\/a>\n            <\/article><article class=\"jkit-post post-list-item\">\n                <a href=\"https:\/\/mediachrist.net\/index.php\/2026\/04\/27\/porter-sa-croix\/\" >\n                    \n                    <div class=\"jkit-postlist-content\"><span class=\"jkit-postlist-title\">Porter sa croix<\/span><div class=\"meta-lists\"><span class=\"meta-date\"><svg aria-hidden=\"true\" class=\"e-font-icon-svg e-fas-clock\" viewBox=\"0 0 512 512\" xmlns=\"http:\/\/www.w3.org\/2000\/svg\"><path d=\"M256,8C119,8,8,119,8,256S119,504,256,504,504,393,504,256,393,8,256,8Zm92.49,313h0l-20,25a16,16,0,0,1-22.49,2.5h0l-67-49.72a40,40,0,0,1-15-31.23V112a16,16,0,0,1,16-16h32a16,16,0,0,1,16,16V256l58,42.5A16,16,0,0,1,348.49,321Z\"><\/path><\/svg>27 avril 2026<\/span> <\/div><\/div>\n                <\/a>\n            <\/article>\n        <\/div><\/div><\/div>\t\t\t\t<\/div>\n\t\t\t\t<\/div>\n\t\t\t\t<\/div>\n\t\t\t\t<\/div>\n\t\t\t\t<\/div>\n\t\t\t\t<\/div>\n\t\t\t\t<\/div>\n\t\t","protected":false},"excerpt":{"rendered":"<p>Dans \u00c9sa\u00efe 43, Dieu nous rappelle son amour inconditionnel : \u00ab\u00a0Tu as du prix \u00e0 mes yeux, je t&rsquo;aime.\u00a0\u00bb M\u00eame dans nos moments de doute ou de solitude, son amour nous garde en s\u00e9curit\u00e9. Ce passage nous invite \u00e0 nous confier en lui, notre Sauveur, qui a donn\u00e9 sa vie pour nous.<\/p>\n","protected":false},"author":1,"featured_media":2710,"comment_status":"closed","ping_status":"closed","sticky":false,"template":"","format":"standard","meta":{"site-sidebar-layout":"default","site-content-layout":"","ast-site-content-layout":"default","site-content-style":"default","site-sidebar-style":"default","ast-global-header-display":"","ast-banner-title-visibility":"","ast-main-header-display":"","ast-hfb-above-header-display":"","ast-hfb-below-header-display":"","ast-hfb-mobile-header-display":"","site-post-title":"","ast-breadcrumbs-content":"","ast-featured-img":"","footer-sml-layout":"","ast-disable-related-posts":"","theme-transparent-header-meta":"","adv-header-id-meta":"","stick-header-meta":"","header-above-stick-meta":"","header-main-stick-meta":"","header-below-stick-meta":"","astra-migrate-meta-layouts":"default","ast-page-background-enabled":"default","ast-page-background-meta":{"desktop":{"background-color":"var(--ast-global-color-4)","background-image":"","background-repeat":"repeat","background-position":"center center","background-size":"auto","background-attachment":"scroll","background-type":"","background-media":"","overlay-type":"","overlay-color":"","overlay-opacity":"","overlay-gradient":""},"tablet":{"background-color":"","background-image":"","background-repeat":"repeat","background-position":"center center","background-size":"auto","background-attachment":"scroll","background-type":"","background-media":"","overlay-type":"","overlay-color":"","overlay-opacity":"","overlay-gradient":""},"mobile":{"background-color":"","background-image":"","background-repeat":"repeat","background-position":"center center","background-size":"auto","background-attachment":"scroll","background-type":"","background-media":"","overlay-type":"","overlay-color":"","overlay-opacity":"","overlay-gradient":""}},"ast-content-background-meta":{"desktop":{"background-color":"var(--ast-global-color-5)","background-image":"","background-repeat":"repeat","background-position":"center center","background-size":"auto","background-attachment":"scroll","background-type":"","background-media":"","overlay-type":"","overlay-color":"","overlay-opacity":"","overlay-gradient":""},"tablet":{"background-color":"var(--ast-global-color-5)","background-image":"","background-repeat":"repeat","background-position":"center center","background-size":"auto","background-attachment":"scroll","background-type":"","background-media":"","overlay-type":"","overlay-color":"","overlay-opacity":"","overlay-gradient":""},"mobile":{"background-color":"var(--ast-global-color-5)","background-image":"","background-repeat":"repeat","background-position":"center center","background-size":"auto","background-attachment":"scroll","background-type":"","background-media":"","overlay-type":"","overlay-color":"","overlay-opacity":"","overlay-gradient":""}},"footnotes":"","jetpack_publicize_message":"","jetpack_publicize_feature_enabled":true,"jetpack_social_post_already_shared":false,"jetpack_social_options":{"image_generator_settings":{"template":"highway","default_image_id":0,"font":"","enabled":false},"version":2}},"categories":[15],"tags":[],"class_list":["post-2726","post","type-post","status-publish","format-standard","has-post-thumbnail","hentry","category-meditations"],"yoast_head":"<!-- This site is optimized with the Yoast SEO plugin v27.5 - https:\/\/yoast.com\/product\/yoast-seo-wordpress\/ -->\n<title>Uni avec le Christ - L&#039;Heure Luth\u00e9rienne<\/title>\n<meta name=\"description\" content=\"Unis \u00e0 Christ par le bapt\u00eame, sa mort est notre mort, sa vie notre vie. Rien ne peut nous s\u00e9parer de lui. Esp\u00e9rance, s\u00e9curit\u00e9 et foi.\" \/>\n<meta name=\"robots\" content=\"index, follow, max-snippet:-1, max-image-preview:large, max-video-preview:-1\" \/>\n<link rel=\"canonical\" href=\"https:\/\/mediachrist.net\/index.php\/2025\/01\/08\/uni-avec-le-christ\/\" \/>\n<meta property=\"og:locale\" content=\"fr_FR\" \/>\n<meta property=\"og:type\" content=\"article\" \/>\n<meta property=\"og:title\" content=\"Uni avec le Christ - L&#039;Heure Luth\u00e9rienne\" \/>\n<meta property=\"og:description\" content=\"Unis \u00e0 Christ par le bapt\u00eame, sa mort est notre mort, sa vie notre vie. Rien ne peut nous s\u00e9parer de lui. Esp\u00e9rance, s\u00e9curit\u00e9 et foi.\" \/>\n<meta property=\"og:url\" content=\"https:\/\/mediachrist.net\/index.php\/2025\/01\/08\/uni-avec-le-christ\/\" \/>\n<meta property=\"og:site_name\" content=\"L&#039;Heure Luth\u00e9rienne\" \/>\n<meta property=\"article:publisher\" content=\"https:\/\/www.facebook.com\/profile.php?id=100069111227754\" \/>\n<meta property=\"article:published_time\" content=\"2025-01-07T23:01:00+00:00\" \/>\n<meta property=\"og:image\" content=\"https:\/\/mediachrist.net\/wp-content\/uploads\/2025\/01\/Image-Medit-HL-768x768.png\" \/>\n\t<meta property=\"og:image:width\" content=\"768\" \/>\n\t<meta property=\"og:image:height\" content=\"768\" \/>\n\t<meta property=\"og:image:type\" content=\"image\/png\" \/>\n<meta name=\"author\" content=\"Fran\u00e7ois LARA\" \/>\n<meta name=\"twitter:card\" content=\"summary_large_image\" \/>\n<meta name=\"twitter:label1\" content=\"\u00c9crit par\" \/>\n\t<meta name=\"twitter:data1\" content=\"Fran\u00e7ois LARA\" \/>\n\t<meta name=\"twitter:label2\" content=\"Dur\u00e9e de lecture estim\u00e9e\" \/>\n\t<meta name=\"twitter:data2\" content=\"4 minutes\" \/>\n<script type=\"application\/ld+json\" class=\"yoast-schema-graph\">{\"@context\":\"https:\\\/\\\/schema.org\",\"@graph\":[{\"@type\":\"Article\",\"@id\":\"https:\\\/\\\/mediachrist.net\\\/index.php\\\/2025\\\/01\\\/08\\\/uni-avec-le-christ\\\/#article\",\"isPartOf\":{\"@id\":\"https:\\\/\\\/mediachrist.net\\\/index.php\\\/2025\\\/01\\\/08\\\/uni-avec-le-christ\\\/\"},\"author\":{\"name\":\"Fran\u00e7ois LARA\",\"@id\":\"https:\\\/\\\/mediachrist.net\\\/#\\\/schema\\\/person\\\/1f1d41be936701b259b4011f7bbe97e5\"},\"headline\":\"Uni avec le Christ\",\"datePublished\":\"2025-01-07T23:01:00+00:00\",\"mainEntityOfPage\":{\"@id\":\"https:\\\/\\\/mediachrist.net\\\/index.php\\\/2025\\\/01\\\/08\\\/uni-avec-le-christ\\\/\"},\"wordCount\":730,\"publisher\":{\"@id\":\"https:\\\/\\\/mediachrist.net\\\/#organization\"},\"image\":{\"@id\":\"https:\\\/\\\/mediachrist.net\\\/index.php\\\/2025\\\/01\\\/08\\\/uni-avec-le-christ\\\/#primaryimage\"},\"thumbnailUrl\":\"https:\\\/\\\/mediachrist.net\\\/wp-content\\\/uploads\\\/2025\\\/01\\\/Image-Medit-HL.png\",\"articleSection\":[\"M\u00e9ditations\"],\"inLanguage\":\"fr-FR\"},{\"@type\":\"WebPage\",\"@id\":\"https:\\\/\\\/mediachrist.net\\\/index.php\\\/2025\\\/01\\\/08\\\/uni-avec-le-christ\\\/\",\"url\":\"https:\\\/\\\/mediachrist.net\\\/index.php\\\/2025\\\/01\\\/08\\\/uni-avec-le-christ\\\/\",\"name\":\"Uni avec le Christ - L&#039;Heure Luth\u00e9rienne\",\"isPartOf\":{\"@id\":\"https:\\\/\\\/mediachrist.net\\\/#website\"},\"primaryImageOfPage\":{\"@id\":\"https:\\\/\\\/mediachrist.net\\\/index.php\\\/2025\\\/01\\\/08\\\/uni-avec-le-christ\\\/#primaryimage\"},\"image\":{\"@id\":\"https:\\\/\\\/mediachrist.net\\\/index.php\\\/2025\\\/01\\\/08\\\/uni-avec-le-christ\\\/#primaryimage\"},\"thumbnailUrl\":\"https:\\\/\\\/mediachrist.net\\\/wp-content\\\/uploads\\\/2025\\\/01\\\/Image-Medit-HL.png\",\"datePublished\":\"2025-01-07T23:01:00+00:00\",\"description\":\"Unis \u00e0 Christ par le bapt\u00eame, sa mort est notre mort, sa vie notre vie. Rien ne peut nous s\u00e9parer de lui. Esp\u00e9rance, s\u00e9curit\u00e9 et foi.\",\"breadcrumb\":{\"@id\":\"https:\\\/\\\/mediachrist.net\\\/index.php\\\/2025\\\/01\\\/08\\\/uni-avec-le-christ\\\/#breadcrumb\"},\"inLanguage\":\"fr-FR\",\"potentialAction\":[{\"@type\":\"ReadAction\",\"target\":[\"https:\\\/\\\/mediachrist.net\\\/index.php\\\/2025\\\/01\\\/08\\\/uni-avec-le-christ\\\/\"]}]},{\"@type\":\"ImageObject\",\"inLanguage\":\"fr-FR\",\"@id\":\"https:\\\/\\\/mediachrist.net\\\/index.php\\\/2025\\\/01\\\/08\\\/uni-avec-le-christ\\\/#primaryimage\",\"url\":\"https:\\\/\\\/mediachrist.net\\\/wp-content\\\/uploads\\\/2025\\\/01\\\/Image-Medit-HL.png\",\"contentUrl\":\"https:\\\/\\\/mediachrist.net\\\/wp-content\\\/uploads\\\/2025\\\/01\\\/Image-Medit-HL.png\",\"width\":1080,\"height\":1080,\"caption\":\"m\u00e9ditation quotidienne de l'Heure Luth\u00e9rienne\"},{\"@type\":\"BreadcrumbList\",\"@id\":\"https:\\\/\\\/mediachrist.net\\\/index.php\\\/2025\\\/01\\\/08\\\/uni-avec-le-christ\\\/#breadcrumb\",\"itemListElement\":[{\"@type\":\"ListItem\",\"position\":1,\"name\":\"Accueil\",\"item\":\"https:\\\/\\\/mediachrist.net\\\/\"},{\"@type\":\"ListItem\",\"position\":2,\"name\":\"Uni avec le Christ\"}]},{\"@type\":\"WebSite\",\"@id\":\"https:\\\/\\\/mediachrist.net\\\/#website\",\"url\":\"https:\\\/\\\/mediachrist.net\\\/\",\"name\":\"mediachrist\",\"description\":\"La voix num\u00e9rique du Christ aux nations\",\"publisher\":{\"@id\":\"https:\\\/\\\/mediachrist.net\\\/#organization\"},\"potentialAction\":[{\"@type\":\"SearchAction\",\"target\":{\"@type\":\"EntryPoint\",\"urlTemplate\":\"https:\\\/\\\/mediachrist.net\\\/?s={search_term_string}\"},\"query-input\":{\"@type\":\"PropertyValueSpecification\",\"valueRequired\":true,\"valueName\":\"search_term_string\"}}],\"inLanguage\":\"fr-FR\"},{\"@type\":\"Organization\",\"@id\":\"https:\\\/\\\/mediachrist.net\\\/#organization\",\"name\":\"L'Heure Luth\u00e9rienne\",\"url\":\"https:\\\/\\\/mediachrist.net\\\/\",\"logo\":{\"@type\":\"ImageObject\",\"inLanguage\":\"fr-FR\",\"@id\":\"https:\\\/\\\/mediachrist.net\\\/#\\\/schema\\\/logo\\\/image\\\/\",\"url\":\"https:\\\/\\\/mediachrist.net\\\/wp-content\\\/uploads\\\/2025\\\/01\\\/Logo-512-HL-Couleur.png\",\"contentUrl\":\"https:\\\/\\\/mediachrist.net\\\/wp-content\\\/uploads\\\/2025\\\/01\\\/Logo-512-HL-Couleur.png\",\"width\":512,\"height\":512,\"caption\":\"L'Heure Luth\u00e9rienne\"},\"image\":{\"@id\":\"https:\\\/\\\/mediachrist.net\\\/#\\\/schema\\\/logo\\\/image\\\/\"},\"sameAs\":[\"https:\\\/\\\/www.facebook.com\\\/profile.php?id=100069111227754\",\"https:\\\/\\\/www.youtube.com\\\/@lheurelutherienne\",\"https:\\\/\\\/www.instagram.com\\\/heure.lutherienne\"]},{\"@type\":\"Person\",\"@id\":\"https:\\\/\\\/mediachrist.net\\\/#\\\/schema\\\/person\\\/1f1d41be936701b259b4011f7bbe97e5\",\"name\":\"Fran\u00e7ois LARA\",\"image\":{\"@type\":\"ImageObject\",\"inLanguage\":\"fr-FR\",\"@id\":\"https:\\\/\\\/secure.gravatar.com\\\/avatar\\\/14d4a8a55beb45e8251498a7f5a9539db9f83930c3e3e93a2805e72ecdb02694?s=96&d=mm&r=g\",\"url\":\"https:\\\/\\\/secure.gravatar.com\\\/avatar\\\/14d4a8a55beb45e8251498a7f5a9539db9f83930c3e3e93a2805e72ecdb02694?s=96&d=mm&r=g\",\"contentUrl\":\"https:\\\/\\\/secure.gravatar.com\\\/avatar\\\/14d4a8a55beb45e8251498a7f5a9539db9f83930c3e3e93a2805e72ecdb02694?s=96&d=mm&r=g\",\"caption\":\"Fran\u00e7ois LARA\"},\"sameAs\":[\"https:\\\/\\\/mediachrist.net\"],\"url\":\"https:\\\/\\\/mediachrist.net\\\/index.php\\\/author\\\/francois\\\/\"}]}<\/script>\n<!-- \/ Yoast SEO plugin. -->","yoast_head_json":{"title":"Uni avec le Christ - L&#039;Heure Luth\u00e9rienne","description":"Unis \u00e0 Christ par le bapt\u00eame, sa mort est notre mort, sa vie notre vie. Rien ne peut nous s\u00e9parer de lui. Esp\u00e9rance, s\u00e9curit\u00e9 et foi.","robots":{"index":"index","follow":"follow","max-snippet":"max-snippet:-1","max-image-preview":"max-image-preview:large","max-video-preview":"max-video-preview:-1"},"canonical":"https:\/\/mediachrist.net\/index.php\/2025\/01\/08\/uni-avec-le-christ\/","og_locale":"fr_FR","og_type":"article","og_title":"Uni avec le Christ - L&#039;Heure Luth\u00e9rienne","og_description":"Unis \u00e0 Christ par le bapt\u00eame, sa mort est notre mort, sa vie notre vie. Rien ne peut nous s\u00e9parer de lui. Esp\u00e9rance, s\u00e9curit\u00e9 et foi.","og_url":"https:\/\/mediachrist.net\/index.php\/2025\/01\/08\/uni-avec-le-christ\/","og_site_name":"L&#039;Heure Luth\u00e9rienne","article_publisher":"https:\/\/www.facebook.com\/profile.php?id=100069111227754","article_published_time":"2025-01-07T23:01:00+00:00","og_image":[{"width":768,"height":768,"url":"https:\/\/mediachrist.net\/wp-content\/uploads\/2025\/01\/Image-Medit-HL-768x768.png","type":"image\/png"}],"author":"Fran\u00e7ois LARA","twitter_card":"summary_large_image","twitter_misc":{"\u00c9crit par":"Fran\u00e7ois LARA","Dur\u00e9e de lecture estim\u00e9e":"4 minutes"},"schema":{"@context":"https:\/\/schema.org","@graph":[{"@type":"Article","@id":"https:\/\/mediachrist.net\/index.php\/2025\/01\/08\/uni-avec-le-christ\/#article","isPartOf":{"@id":"https:\/\/mediachrist.net\/index.php\/2025\/01\/08\/uni-avec-le-christ\/"},"author":{"name":"Fran\u00e7ois LARA","@id":"https:\/\/mediachrist.net\/#\/schema\/person\/1f1d41be936701b259b4011f7bbe97e5"},"headline":"Uni avec le Christ","datePublished":"2025-01-07T23:01:00+00:00","mainEntityOfPage":{"@id":"https:\/\/mediachrist.net\/index.php\/2025\/01\/08\/uni-avec-le-christ\/"},"wordCount":730,"publisher":{"@id":"https:\/\/mediachrist.net\/#organization"},"image":{"@id":"https:\/\/mediachrist.net\/index.php\/2025\/01\/08\/uni-avec-le-christ\/#primaryimage"},"thumbnailUrl":"https:\/\/mediachrist.net\/wp-content\/uploads\/2025\/01\/Image-Medit-HL.png","articleSection":["M\u00e9ditations"],"inLanguage":"fr-FR"},{"@type":"WebPage","@id":"https:\/\/mediachrist.net\/index.php\/2025\/01\/08\/uni-avec-le-christ\/","url":"https:\/\/mediachrist.net\/index.php\/2025\/01\/08\/uni-avec-le-christ\/","name":"Uni avec le Christ - L&#039;Heure Luth\u00e9rienne","isPartOf":{"@id":"https:\/\/mediachrist.net\/#website"},"primaryImageOfPage":{"@id":"https:\/\/mediachrist.net\/index.php\/2025\/01\/08\/uni-avec-le-christ\/#primaryimage"},"image":{"@id":"https:\/\/mediachrist.net\/index.php\/2025\/01\/08\/uni-avec-le-christ\/#primaryimage"},"thumbnailUrl":"https:\/\/mediachrist.net\/wp-content\/uploads\/2025\/01\/Image-Medit-HL.png","datePublished":"2025-01-07T23:01:00+00:00","description":"Unis \u00e0 Christ par le bapt\u00eame, sa mort est notre mort, sa vie notre vie. Rien ne peut nous s\u00e9parer de lui. Esp\u00e9rance, s\u00e9curit\u00e9 et foi.","breadcrumb":{"@id":"https:\/\/mediachrist.net\/index.php\/2025\/01\/08\/uni-avec-le-christ\/#breadcrumb"},"inLanguage":"fr-FR","potentialAction":[{"@type":"ReadAction","target":["https:\/\/mediachrist.net\/index.php\/2025\/01\/08\/uni-avec-le-christ\/"]}]},{"@type":"ImageObject","inLanguage":"fr-FR","@id":"https:\/\/mediachrist.net\/index.php\/2025\/01\/08\/uni-avec-le-christ\/#primaryimage","url":"https:\/\/mediachrist.net\/wp-content\/uploads\/2025\/01\/Image-Medit-HL.png","contentUrl":"https:\/\/mediachrist.net\/wp-content\/uploads\/2025\/01\/Image-Medit-HL.png","width":1080,"height":1080,"caption":"m\u00e9ditation quotidienne de l'Heure Luth\u00e9rienne"},{"@type":"BreadcrumbList","@id":"https:\/\/mediachrist.net\/index.php\/2025\/01\/08\/uni-avec-le-christ\/#breadcrumb","itemListElement":[{"@type":"ListItem","position":1,"name":"Accueil","item":"https:\/\/mediachrist.net\/"},{"@type":"ListItem","position":2,"name":"Uni avec le Christ"}]},{"@type":"WebSite","@id":"https:\/\/mediachrist.net\/#website","url":"https:\/\/mediachrist.net\/","name":"mediachrist","description":"La voix num\u00e9rique du Christ aux nations","publisher":{"@id":"https:\/\/mediachrist.net\/#organization"},"potentialAction":[{"@type":"SearchAction","target":{"@type":"EntryPoint","urlTemplate":"https:\/\/mediachrist.net\/?s={search_term_string}"},"query-input":{"@type":"PropertyValueSpecification","valueRequired":true,"valueName":"search_term_string"}}],"inLanguage":"fr-FR"},{"@type":"Organization","@id":"https:\/\/mediachrist.net\/#organization","name":"L'Heure Luth\u00e9rienne","url":"https:\/\/mediachrist.net\/","logo":{"@type":"ImageObject","inLanguage":"fr-FR","@id":"https:\/\/mediachrist.net\/#\/schema\/logo\/image\/","url":"https:\/\/mediachrist.net\/wp-content\/uploads\/2025\/01\/Logo-512-HL-Couleur.png","contentUrl":"https:\/\/mediachrist.net\/wp-content\/uploads\/2025\/01\/Logo-512-HL-Couleur.png","width":512,"height":512,"caption":"L'Heure Luth\u00e9rienne"},"image":{"@id":"https:\/\/mediachrist.net\/#\/schema\/logo\/image\/"},"sameAs":["https:\/\/www.facebook.com\/profile.php?id=100069111227754","https:\/\/www.youtube.com\/@lheurelutherienne","https:\/\/www.instagram.com\/heure.lutherienne"]},{"@type":"Person","@id":"https:\/\/mediachrist.net\/#\/schema\/person\/1f1d41be936701b259b4011f7bbe97e5","name":"Fran\u00e7ois LARA","image":{"@type":"ImageObject","inLanguage":"fr-FR","@id":"https:\/\/secure.gravatar.com\/avatar\/14d4a8a55beb45e8251498a7f5a9539db9f83930c3e3e93a2805e72ecdb02694?s=96&d=mm&r=g","url":"https:\/\/secure.gravatar.com\/avatar\/14d4a8a55beb45e8251498a7f5a9539db9f83930c3e3e93a2805e72ecdb02694?s=96&d=mm&r=g","contentUrl":"https:\/\/secure.gravatar.com\/avatar\/14d4a8a55beb45e8251498a7f5a9539db9f83930c3e3e93a2805e72ecdb02694?s=96&d=mm&r=g","caption":"Fran\u00e7ois LARA"},"sameAs":["https:\/\/mediachrist.net"],"url":"https:\/\/mediachrist.net\/index.php\/author\/francois\/"}]}},"jetpack_publicize_connections":[],"_links":{"self":[{"href":"https:\/\/mediachrist.net\/index.php\/wp-json\/wp\/v2\/posts\/2726","targetHints":{"allow":["GET"]}}],"collection":[{"href":"https:\/\/mediachrist.net\/index.php\/wp-json\/wp\/v2\/posts"}],"about":[{"href":"https:\/\/mediachrist.net\/index.php\/wp-json\/wp\/v2\/types\/post"}],"author":[{"embeddable":true,"href":"https:\/\/mediachrist.net\/index.php\/wp-json\/wp\/v2\/users\/1"}],"replies":[{"embeddable":true,"href":"https:\/\/mediachrist.net\/index.php\/wp-json\/wp\/v2\/comments?post=2726"}],"version-history":[{"count":4,"href":"https:\/\/mediachrist.net\/index.php\/wp-json\/wp\/v2\/posts\/2726\/revisions"}],"predecessor-version":[{"id":2730,"href":"https:\/\/mediachrist.net\/index.php\/wp-json\/wp\/v2\/posts\/2726\/revisions\/2730"}],"wp:featuredmedia":[{"embeddable":true,"href":"https:\/\/mediachrist.net\/index.php\/wp-json\/wp\/v2\/media\/2710"}],"wp:attachment":[{"href":"https:\/\/mediachrist.net\/index.php\/wp-json\/wp\/v2\/media?parent=2726"}],"wp:term":[{"taxonomy":"category","embeddable":true,"href":"https:\/\/mediachrist.net\/index.php\/wp-json\/wp\/v2\/categories?post=2726"},{"taxonomy":"post_tag","embeddable":true,"href":"https:\/\/mediachrist.net\/index.php\/wp-json\/wp\/v2\/tags?post=2726"}],"curies":[{"name":"wp","href":"https:\/\/api.w.org\/{rel}","templated":true}]}}